{"id":88035,"date":"2020-03-04T13:00:00","date_gmt":"2020-03-04T12:00:00","guid":{"rendered":"https:\/\/gratka.pl\/blog\/?p=88035"},"modified":"2020-04-24T09:21:22","modified_gmt":"2020-04-24T07:21:22","slug":"boks-samochodowy-na-dach-jaki-wybrac","status":"publish","type":"post","link":"https:\/\/motogratka.pl\/blog\/boks-samochodowy-na-dach-jaki-wybrac\/","title":{"rendered":"Boks samochodowy na dach. Jaki wybra\u0107?"},"content":{"rendered":"\n<p><strong>Boks samochodowy to \u015bwietne udogodnienie. Sezon urlop\u00f3w w Polsce zaczyna si\u0119 ju\u017c w maju. Cz\u0119sto na urlop je\u017adzimy z rodzin\u0105 samochodem. Do samochodu nierzadko przydaj\u0105 si\u0119 r\u00f3\u017cne akcesoria. W\u015br\u00f3d nich jest boks samochodowy, do umieszczenia na dachu pojazdu. Czym jest, do czego s\u0142u\u017cy i jak wybra\u0107 odpowiedni do swojego czteroko\u0142owca?<\/strong><\/p>\n\n\n\n<p><strong>SPRAWD\u0179 OFERTY | <a href=\"https:\/\/motogratka.pl\/motoryzacja\/czesci-samochodowe\/akcesoria-samochodowe\/bagazniki\">Akcesoria samochodowe do baga\u017cnika<\/a><\/strong><\/p>\n\n\n\n<h2 class=\"wp-block-heading\">Boks samochodowy \u2013 co to takiego?<\/h2>\n\n\n\n<p>Boks samochodowy to idealne akcesorium, przydatne dla amator\u00f3w d\u0142ugich podr\u00f3\u017cy i wypraw, zar\u00f3wno w lecie, jak i zim\u0105, kt\u00f3rych ca\u0142y czas przybywa. Coraz wi\u0119ksza liczba mi\u0142o\u015bnik\u00f3w samochodowych podr\u00f3\u017cy sprawia, \u017ce i ofert box\u00f3w jest coraz wi\u0119cej. <\/p>\n\n\n\n<p>Akcesorium to s\u0142u\u017cy do przewozu baga\u017cy na dachu, dzi\u0119ki czemu zwi\u0119ksza si\u0119 przestrze\u0144 transportowa pojazdu i mo\u017cna zabra\u0107 ze sob\u0105 znacznie wi\u0119cej rzeczy. Nie trzeba ju\u017c wybiera\u0107, z czego zrezygnowa\u0107, bo wszystko si\u0119 nie zmie\u015bci. Dzi\u0119ki boksowi mo\u017cna zabra\u0107 wszystko, co si\u0119 zechce.&nbsp;<\/p>\n\n\n\n<h2 class=\"wp-block-heading\">Jaki boks wybra\u0107 do swojego samochodu?<\/h2>\n\n\n\n<p>Mimo \u017ce boksy dachowe nie s\u0105 skomplikowanymi urz\u0105dzeniami, wyb\u00f3r odpowiedniego nie jest taki prosty. Producenci oferuj\u0105 bowiem coraz wi\u0119cej boks\u00f3w, a zwr\u00f3cenie uwagi na kilka szczeg\u00f3\u0142\u00f3w sprawi, \u017ce wyb\u00f3r zaw\u0119zi si\u0119 nam do kilku modeli. Oto, na co nale\u017cy zwr\u00f3ci\u0107 uwag\u0119 wybieraj\u0105c boks samochodowy.<\/p>\n\n\n\n<ul class=\"wp-block-list\"><li><strong>wymiary<\/strong> \u2013 d\u0142ugo\u015b\u0107 jest wa\u017cna, poniewa\u017c box nie mo\u017ce zas\u0142ania\u0107 widoczno\u015bci z przodu ani blokowa\u0107 mo\u017cliwo\u015bci otwarcia klapy baga\u017cnika. Optymalnie box nie powinien zachodzi\u0107 na przedni\u0105 szyb\u0119 bardziej ni\u017c na 10 \u2013 15 centymetr\u00f3w i podobna jest tak\u017ce odleg\u0142o\u015b\u0107 od ko\u0144ca dachu w poje\u017adzie typu kombi, bo w sedanie box b\u0119dzie nieco wystawa\u0142 nad tyln\u0105 szyb\u0119. Kolejne wymiary to wysoko\u015b\u0107 i szeroko\u015b\u0107. Niskie boksy nadaj\u0105 si\u0119 do przewo\u017cenia g\u0142\u00f3wnie p\u0142askich rzeczy. Je\u015bli wi\u0119c chcemy w boksie przewozi\u0107 walizki, lepiej wybra\u0107 wy\u017cszy. Szeroko\u015b\u0107 b\u0119dzie zale\u017cna od tego, czy chcemy opr\u00f3cz boksu zamontowa\u0107 na dachu uchwyty i przewozi\u0107 np. rower;<br><\/li><li><strong>spos\u00f3b mocowania<\/strong> \u2013 nale\u017cy dobra\u0107 odpowiedni box do posiadanego baga\u017cnika bazowego. Je\u015bli nie mamy takiego baga\u017cnika, trzeba b\u0119dzie odpowiedni kupi\u0107. Na polskim rynku dost\u0119pne s\u0105 g\u0142\u00f3wnie boksy montowane na trzy sposoby. Pierwszy to monta\u017c w rowku T belek aluminiowych, najszybszy, najbardziej estetyczny i aerodynamiczny. Zajmuje te\u017c mniej miejsca w boksie. Drugi spos\u00f3b to \u201e\u0142apki\u201d sterowane za pomoc\u0105 pokr\u0119te\u0142. To te\u017c bardzo szybki spos\u00f3b i do tego \u0142atwy w obs\u0142udze. Nadaje si\u0119 do wi\u0119kszo\u015bci baga\u017cnik\u00f3w bazowych, poza tymi z bardzo szerokimi belkami. Ostatni spos\u00f3b to obejmy w kszta\u0142cie litery \u201eU\u201d. Jest kompatybilny z belkami ze stali i aluminium o przekroju owalu. Nie pasuje jednak do belek p\u0142askich, przypominaj\u0105cych kszta\u0142tem skrzyd\u0142a. Mo\u017cna tak\u017ce dokupi\u0107 adaptery umo\u017cliwiaj\u0105ce monta\u017c sposobem pierwszym.&nbsp;<\/li><\/ul>\n\n\n\n<p><strong>CZYTAJ TAK\u017bE | <a href=\"https:\/\/motogratka.pl\/blog\/samochodowy-bagaznik-na-rowery-jaki-wybrac\/\">Samochodowy baga\u017cnik na rowery. Jaki wybra\u0107?<\/a><\/strong><\/p>\n\n\n\n<h2 class=\"wp-block-heading\">Co jeszcze nale\u017cy wiedzie\u0107 o boksie?<\/h2>\n\n\n\n<p>W instrukcji obs\u0142ugi samochodu nale\u017cy znale\u017a\u0107 informacje dotycz\u0105ce maksymalnego obci\u0105\u017cenia dachu. Nie mo\u017cna przekroczy\u0107 zalece\u0144 producenta, a trzeba pami\u0119ta\u0107, \u017ce box i baga\u017cnik bazowy swoje wa\u017c\u0105. Je\u015bli wi\u0119c maksymalne obci\u0105\u017cenie dachu wynosi 75 kg, po odliczeniu ci\u0119\u017caru boksu i baga\u017cnika bazowego, zostaje nam oko\u0142o 50 kg. Tak\u0105 wag\u0119 maksymalnie mo\u017ce wtedy mie\u0107 baga\u017c.&nbsp;<\/p>\n\n\n\n<p>Dodatkowe usprawnienia \u2013 chodzi tu przede wszystkim o mo\u017cliwo\u015b\u0107 otwierania boksu z obu stron. Takie boksy oczywi\u015bcie s\u0105 ju\u017c znacznie dro\u017csze, ale za to funkcjonalne. Mo\u017cliwo\u015b\u0107 otwierania obustronnego jest r\u00f3wnie\u017c du\u017cym u\u0142atwieniem monta\u017cu, poniewa\u017c box jest montowany w czterech punktach i \u0142atwiej mo\u017cna si\u0119 do nich dosta\u0107, je\u015bli mo\u017cna uchyli\u0107 wieko boksu zar\u00f3wno z lewej, jak i prawej strony. Oczywi\u015bcie dwustronne otwieranie u\u0142atwia tak\u017ce pakowanie baga\u017cu, a tak\u017ce pozwala na bardziej swobodny dost\u0119p do niego.&nbsp;<\/p>\n\n\n\n<p>Wyko\u0144czenie \u2013 to r\u00f3wnie\u017c jest wa\u017cne, bo od tego zale\u017cy odporno\u015b\u0107 na uszkodzenia czy \u0142atwo\u015b\u0107 czyszczenia. Do wyboru s\u0105 powierzchnie b\u0142yszcz\u0105ce, lakierowane oraz matowe, chropowate. Lakierowane s\u0105 dro\u017csze i \u0142adniejsze, ale matowe maj\u0105 wiele zalet. Na przyk\u0142ad s\u0105 odporniejsze na zarysowania i otarcia, a tak\u017ce \u0142atwiejsze w czyszczeniu, co jest wa\u017cne zw\u0142aszcza latem, kiedy o czo\u0142o boksu potrafi rozbi\u0107 si\u0119 sporo owad\u00f3w.&nbsp;<\/p>\n\n\n\n<p>Jak wida\u0107, nie warto sugerowa\u0107 si\u0119 przy wyborze boksu jedynie cen\u0105. Wiadomo, mo\u017cna uzna\u0107 go za dodatkow\u0105 fanaberi\u0119, na kt\u00f3r\u0105 nie warto wydawa\u0107 du\u017cych pieni\u0119dzy, jednak chc\u0105c by by\u0142 jak najbardziej funkcjonalny i dobrze wygl\u0105da\u0142, warto przeznaczy\u0107 wi\u0119ksz\u0105 sum\u0119.&nbsp;<\/p>\n\n\n\n<p><strong>SPRAWD\u0179 OFERTY | <a href=\"https:\/\/motogratka.pl\/motoryzacja\/czesci-samochodowe\/karoseria-nadwozie\">Karoseria i nadwozie<\/a><\/strong><\/p>\n","protected":false},"excerpt":{"rendered":"<p>Boks samochodowy to \u015bwietne udogodnienie. Sezon urlop\u00f3w w Polsce zaczyna si\u0119 ju\u017c w maju. Cz\u0119sto na urlop je\u017adzimy z rodzin\u0105 samochodem. Do samochodu nierzadko przydaj\u0105 si\u0119 r\u00f3\u017cne akcesoria. W\u015br\u00f3d nich jest boks samochodowy, do umieszczenia na dachu pojazdu. Czym jest, do czego s\u0142u\u017cy i jak wybra\u0107 odpowiedni do swojego czteroko\u0142owca? SPRAWD\u0179 OFERTY | Akcesoria samochodowe [&hellip;]<\/p>\n","protected":false},"author":45,"featured_media":88039,"comment_status":"open","ping_status":"closed","sticky":false,"template":"","format":"standard","meta":{"_acf_changed":false,"feature_post":false,"feed_post":false,"utm_post":"","footnotes":""},"categories":[13016,12269],"tags":[],"class_list":["post-88035","post","type-post","status-publish","format-standard","has-post-thumbnail","hentry","category-akcesoria-samochodowe","category-motoryzacja"],"acf":[],"yoast_head":"<!-- This site is optimized with the Yoast SEO plugin v26.9 - https:\/\/yoast.com\/product\/yoast-seo-wordpress\/ -->\n<title>Boks samochodowy na dach. Jaki wybra\u0107? | Motogratka<\/title>\n<meta name=\"description\" content=\"Boks samochodowy to \u015bwietne udogodnienie. Sezon urlop\u00f3w w Polsce zaczyna si\u0119 ju\u017c w maju. Cz\u0119sto na urlop je\u017adzimy z rodzin\u0105 samochodem. Do samochodu\" \/>\n<meta name=\"robots\" content=\"index, follow, max-snippet:-1, max-image-preview:large, max-video-preview:-1\" \/>\n<link rel=\"canonical\" href=\"https:\/\/motogratka.pl\/blog\/boks-samochodowy-na-dach-jaki-wybrac\/\" \/>\n<meta property=\"og:locale\" content=\"pl_PL\" \/>\n<meta property=\"og:type\" content=\"article\" \/>\n<meta property=\"og:title\" content=\"Boks samochodowy na dach. Jaki wybra\u0107? | Motogratka\" \/>\n<meta property=\"og:description\" content=\"Boks samochodowy to \u015bwietne udogodnienie. Sezon urlop\u00f3w w Polsce zaczyna si\u0119 ju\u017c w maju. Cz\u0119sto na urlop je\u017adzimy z rodzin\u0105 samochodem. Do samochodu\" \/>\n<meta property=\"og:url\" content=\"https:\/\/motogratka.pl\/blog\/boks-samochodowy-na-dach-jaki-wybrac\/\" \/>\n<meta property=\"og:site_name\" content=\"motogratka\" \/>\n<meta property=\"article:published_time\" content=\"2020-03-04T12:00:00+00:00\" \/>\n<meta property=\"article:modified_time\" content=\"2020-04-24T07:21:22+00:00\" \/>\n<meta property=\"og:image\" content=\"https:\/\/motogratka.pl\/blog\/wp-content\/uploads\/2020\/03\/iStock-598711374.jpg\" \/>\n\t<meta property=\"og:image:width\" content=\"2000\" \/>\n\t<meta property=\"og:image:height\" content=\"1500\" \/>\n\t<meta property=\"og:image:type\" content=\"image\/jpeg\" \/>\n<meta name=\"author\" content=\"Anna Walczak\" \/>\n<meta name=\"twitter:card\" content=\"summary_large_image\" \/>\n<script type=\"application\/ld+json\" class=\"yoast-schema-graph\">{\"@context\":\"https:\/\/schema.org\",\"@graph\":[{\"@type\":\"Article\",\"@id\":\"https:\/\/motogratka.pl\/blog\/boks-samochodowy-na-dach-jaki-wybrac\/#article\",\"isPartOf\":{\"@id\":\"https:\/\/motogratka.pl\/blog\/boks-samochodowy-na-dach-jaki-wybrac\/\"},\"author\":{\"name\":\"Anna Walczak\",\"@id\":\"https:\/\/motogratka.pl\/blog\/#\/schema\/person\/8dac6fb5bd69a256358bcaad25563988\"},\"headline\":\"Boks samochodowy na dach. Jaki wybra\u0107?\",\"datePublished\":\"2020-03-04T12:00:00+00:00\",\"dateModified\":\"2020-04-24T07:21:22+00:00\",\"mainEntityOfPage\":{\"@id\":\"https:\/\/motogratka.pl\/blog\/boks-samochodowy-na-dach-jaki-wybrac\/\"},\"wordCount\":804,\"commentCount\":0,\"publisher\":{\"@id\":\"https:\/\/motogratka.pl\/blog\/#organization\"},\"image\":{\"@id\":\"https:\/\/motogratka.pl\/blog\/boks-samochodowy-na-dach-jaki-wybrac\/#primaryimage\"},\"thumbnailUrl\":\"https:\/\/motogratka.pl\/blog\/wp-content\/uploads\/2020\/03\/iStock-598711374.jpg\",\"articleSection\":[\"Akcesoria samochodowe\",\"Motoryzacja\"],\"inLanguage\":\"pl-PL\",\"potentialAction\":[{\"@type\":\"CommentAction\",\"name\":\"Comment\",\"target\":[\"https:\/\/motogratka.pl\/blog\/boks-samochodowy-na-dach-jaki-wybrac\/#respond\"]}]},{\"@type\":\"WebPage\",\"@id\":\"https:\/\/motogratka.pl\/blog\/boks-samochodowy-na-dach-jaki-wybrac\/\",\"url\":\"https:\/\/motogratka.pl\/blog\/boks-samochodowy-na-dach-jaki-wybrac\/\",\"name\":\"Boks samochodowy na dach. Jaki wybra\u0107? | Motogratka\",\"isPartOf\":{\"@id\":\"https:\/\/motogratka.pl\/blog\/#website\"},\"primaryImageOfPage\":{\"@id\":\"https:\/\/motogratka.pl\/blog\/boks-samochodowy-na-dach-jaki-wybrac\/#primaryimage\"},\"image\":{\"@id\":\"https:\/\/motogratka.pl\/blog\/boks-samochodowy-na-dach-jaki-wybrac\/#primaryimage\"},\"thumbnailUrl\":\"https:\/\/motogratka.pl\/blog\/wp-content\/uploads\/2020\/03\/iStock-598711374.jpg\",\"datePublished\":\"2020-03-04T12:00:00+00:00\",\"dateModified\":\"2020-04-24T07:21:22+00:00\",\"description\":\"Boks samochodowy to \u015bwietne udogodnienie. Sezon urlop\u00f3w w Polsce zaczyna si\u0119 ju\u017c w maju. Cz\u0119sto na urlop je\u017adzimy z rodzin\u0105 samochodem. Do samochodu\",\"inLanguage\":\"pl-PL\",\"potentialAction\":[{\"@type\":\"ReadAction\",\"target\":[\"https:\/\/motogratka.pl\/blog\/boks-samochodowy-na-dach-jaki-wybrac\/\"]}]},{\"@type\":\"ImageObject\",\"inLanguage\":\"pl-PL\",\"@id\":\"https:\/\/motogratka.pl\/blog\/boks-samochodowy-na-dach-jaki-wybrac\/#primaryimage\",\"url\":\"https:\/\/motogratka.pl\/blog\/wp-content\/uploads\/2020\/03\/iStock-598711374.jpg\",\"contentUrl\":\"https:\/\/motogratka.pl\/blog\/wp-content\/uploads\/2020\/03\/iStock-598711374.jpg\",\"width\":2000,\"height\":1500,\"caption\":\"Fot. istockphoto.com \/ Baga\u017cnik samochodowy na dach. Jaki wybra\u0107?\"},{\"@type\":\"WebSite\",\"@id\":\"https:\/\/motogratka.pl\/blog\/#website\",\"url\":\"https:\/\/motogratka.pl\/blog\/\",\"name\":\"motogratka\",\"description\":\"Poradniki, artyku\u0142y, raporty dotycz\u0105ce motoryzacji\",\"publisher\":{\"@id\":\"https:\/\/motogratka.pl\/blog\/#organization\"},\"potentialAction\":[{\"@type\":\"SearchAction\",\"target\":{\"@type\":\"EntryPoint\",\"urlTemplate\":\"https:\/\/motogratka.pl\/blog\/?s={search_term_string}\"},\"query-input\":{\"@type\":\"PropertyValueSpecification\",\"valueRequired\":true,\"valueName\":\"search_term_string\"}}],\"inLanguage\":\"pl-PL\"},{\"@type\":\"Organization\",\"@id\":\"https:\/\/motogratka.pl\/blog\/#organization\",\"name\":\"motogratka\",\"url\":\"https:\/\/motogratka.pl\/blog\/\",\"logo\":{\"@type\":\"ImageObject\",\"inLanguage\":\"pl-PL\",\"@id\":\"https:\/\/motogratka.pl\/blog\/#\/schema\/logo\/image\/\",\"url\":\"https:\/\/motogratka.pl\/blog\/wp-content\/uploads\/2024\/09\/gratka-logo.svg\",\"contentUrl\":\"https:\/\/motogratka.pl\/blog\/wp-content\/uploads\/2024\/09\/gratka-logo.svg\",\"width\":147,\"height\":40,\"caption\":\"motogratka\"},\"image\":{\"@id\":\"https:\/\/motogratka.pl\/blog\/#\/schema\/logo\/image\/\"}},{\"@type\":\"Person\",\"@id\":\"https:\/\/motogratka.pl\/blog\/#\/schema\/person\/8dac6fb5bd69a256358bcaad25563988\",\"name\":\"Anna Walczak\",\"image\":{\"@type\":\"ImageObject\",\"inLanguage\":\"pl-PL\",\"@id\":\"https:\/\/motogratka.pl\/blog\/#\/schema\/person\/image\/\",\"url\":\"https:\/\/secure.gravatar.com\/avatar\/e6e54cc6d4aa52b1d85e515078db9627d3d0f4f12c255618755494e0ea4c5afc?s=96&d=retro&r=g\",\"contentUrl\":\"https:\/\/secure.gravatar.com\/avatar\/e6e54cc6d4aa52b1d85e515078db9627d3d0f4f12c255618755494e0ea4c5afc?s=96&d=retro&r=g\",\"caption\":\"Anna Walczak\"},\"description\":\"Do\u015bwiadczona dziennikarka specjalizuj\u0105ca si\u0119 w analizie rynku nieruchomo\u015bci w Polsce. Od 2012 roku dostarcza czytelnikom teksty bran\u017cowe, kt\u00f3re s\u0105 cenione za rzetelno\u015b\u0107, precyzj\u0119 i klarowno\u015b\u0107. Jest nie tylko ekspertem w dziedzinie rynku nieruchomo\u015bci, ale r\u00f3wnie\u017c pasjonuje si\u0119 wystrojem i aran\u017cacj\u0105 wn\u0119trz. Jej zami\u0142owanie do estetyki przejawia si\u0119 w ka\u017cdym artykule, gdzie \u0142\u0105czy wiedz\u0119 bran\u017cow\u0105 z wyczuciem stylu. Uwielbia eksplorowa\u0107 najnowsze trendy wn\u0119trzarskie i regularnie odwiedza targi bran\u017cowe, aby by\u0107 na bie\u017c\u0105co z innowacjami w dziedzinie projektowania. Znana ze swojego zaanga\u017cowania i profesjonalizmu, zdoby\u0142a uznanie w bran\u017cy dziennikarskiej za swoj\u0105 umiej\u0119tno\u015b\u0107 wy\u0142apywania istotnych detali. Jej teksty dostarczaj\u0105 czytelnikom rzetelnej informacji i praktycznych porad, pomagaj\u0105c im podejmowa\u0107 \u015bwiadome decyzje inwestycyjne. W swoich artyku\u0142ach cz\u0119sto eksploruje wp\u0142yw rynku nieruchomo\u015bci na kszta\u0142towanie si\u0119 spo\u0142ecze\u0144stwa, ekonomii oraz kultury. Przez lata do\u015bwiadcze\u0144 z zakresu nieruchomo\u015bci, zdoby\u0142a unikaln\u0105 perspektyw\u0119 i g\u0142\u0119bokie zrozumienie dynamiki rynku, co pozwala jej przedstawia\u0107 kompleksowe analizy. Poza profesjonalnymi osi\u0105gni\u0119ciami, jest tak\u017ce osob\u0105 pe\u0142n\u0105 pasji i entuzjazmu. Jej zainteresowania si\u0119gaj\u0105 daleko poza \u015bwiat nieruchomo\u015bci i designu; jest tak\u017ce zapalon\u0105 mi\u0142o\u015bniczk\u0105 kawy, podr\u00f3\u017cniczk\u0105 i amatork\u0105 fotografii. W wolnych chwilach zwiedza nieznane zak\u0105tki \u015bwiata, z aparatem w d\u0142oni i kubkiem aromatycznej kawy, dokumentuj\u0105c swoje przygody i odkrycia.\",\"url\":\"https:\/\/motogratka.pl\/blog\/author\/anna-walczak\/\"}]}<\/script>\n<!-- \/ Yoast SEO plugin. -->","yoast_head_json":{"title":"Boks samochodowy na dach. Jaki wybra\u0107? | Motogratka","description":"Boks samochodowy to \u015bwietne udogodnienie. Sezon urlop\u00f3w w Polsce zaczyna si\u0119 ju\u017c w maju. Cz\u0119sto na urlop je\u017adzimy z rodzin\u0105 samochodem. Do samochodu","robots":{"index":"index","follow":"follow","max-snippet":"max-snippet:-1","max-image-preview":"max-image-preview:large","max-video-preview":"max-video-preview:-1"},"canonical":"https:\/\/motogratka.pl\/blog\/boks-samochodowy-na-dach-jaki-wybrac\/","og_locale":"pl_PL","og_type":"article","og_title":"Boks samochodowy na dach. Jaki wybra\u0107? | Motogratka","og_description":"Boks samochodowy to \u015bwietne udogodnienie. Sezon urlop\u00f3w w Polsce zaczyna si\u0119 ju\u017c w maju. Cz\u0119sto na urlop je\u017adzimy z rodzin\u0105 samochodem. Do samochodu","og_url":"https:\/\/motogratka.pl\/blog\/boks-samochodowy-na-dach-jaki-wybrac\/","og_site_name":"motogratka","article_published_time":"2020-03-04T12:00:00+00:00","article_modified_time":"2020-04-24T07:21:22+00:00","og_image":[{"width":2000,"height":1500,"url":"https:\/\/motogratka.pl\/blog\/wp-content\/uploads\/2020\/03\/iStock-598711374.jpg","type":"image\/jpeg"}],"author":"Anna Walczak","twitter_card":"summary_large_image","schema":{"@context":"https:\/\/schema.org","@graph":[{"@type":"Article","@id":"https:\/\/motogratka.pl\/blog\/boks-samochodowy-na-dach-jaki-wybrac\/#article","isPartOf":{"@id":"https:\/\/motogratka.pl\/blog\/boks-samochodowy-na-dach-jaki-wybrac\/"},"author":{"name":"Anna Walczak","@id":"https:\/\/motogratka.pl\/blog\/#\/schema\/person\/8dac6fb5bd69a256358bcaad25563988"},"headline":"Boks samochodowy na dach. Jaki wybra\u0107?","datePublished":"2020-03-04T12:00:00+00:00","dateModified":"2020-04-24T07:21:22+00:00","mainEntityOfPage":{"@id":"https:\/\/motogratka.pl\/blog\/boks-samochodowy-na-dach-jaki-wybrac\/"},"wordCount":804,"commentCount":0,"publisher":{"@id":"https:\/\/motogratka.pl\/blog\/#organization"},"image":{"@id":"https:\/\/motogratka.pl\/blog\/boks-samochodowy-na-dach-jaki-wybrac\/#primaryimage"},"thumbnailUrl":"https:\/\/motogratka.pl\/blog\/wp-content\/uploads\/2020\/03\/iStock-598711374.jpg","articleSection":["Akcesoria samochodowe","Motoryzacja"],"inLanguage":"pl-PL","potentialAction":[{"@type":"CommentAction","name":"Comment","target":["https:\/\/motogratka.pl\/blog\/boks-samochodowy-na-dach-jaki-wybrac\/#respond"]}]},{"@type":"WebPage","@id":"https:\/\/motogratka.pl\/blog\/boks-samochodowy-na-dach-jaki-wybrac\/","url":"https:\/\/motogratka.pl\/blog\/boks-samochodowy-na-dach-jaki-wybrac\/","name":"Boks samochodowy na dach. Jaki wybra\u0107? | Motogratka","isPartOf":{"@id":"https:\/\/motogratka.pl\/blog\/#website"},"primaryImageOfPage":{"@id":"https:\/\/motogratka.pl\/blog\/boks-samochodowy-na-dach-jaki-wybrac\/#primaryimage"},"image":{"@id":"https:\/\/motogratka.pl\/blog\/boks-samochodowy-na-dach-jaki-wybrac\/#primaryimage"},"thumbnailUrl":"https:\/\/motogratka.pl\/blog\/wp-content\/uploads\/2020\/03\/iStock-598711374.jpg","datePublished":"2020-03-04T12:00:00+00:00","dateModified":"2020-04-24T07:21:22+00:00","description":"Boks samochodowy to \u015bwietne udogodnienie. Sezon urlop\u00f3w w Polsce zaczyna si\u0119 ju\u017c w maju. Cz\u0119sto na urlop je\u017adzimy z rodzin\u0105 samochodem. Do samochodu","inLanguage":"pl-PL","potentialAction":[{"@type":"ReadAction","target":["https:\/\/motogratka.pl\/blog\/boks-samochodowy-na-dach-jaki-wybrac\/"]}]},{"@type":"ImageObject","inLanguage":"pl-PL","@id":"https:\/\/motogratka.pl\/blog\/boks-samochodowy-na-dach-jaki-wybrac\/#primaryimage","url":"https:\/\/motogratka.pl\/blog\/wp-content\/uploads\/2020\/03\/iStock-598711374.jpg","contentUrl":"https:\/\/motogratka.pl\/blog\/wp-content\/uploads\/2020\/03\/iStock-598711374.jpg","width":2000,"height":1500,"caption":"Fot. istockphoto.com \/ Baga\u017cnik samochodowy na dach. Jaki wybra\u0107?"},{"@type":"WebSite","@id":"https:\/\/motogratka.pl\/blog\/#website","url":"https:\/\/motogratka.pl\/blog\/","name":"motogratka","description":"Poradniki, artyku\u0142y, raporty dotycz\u0105ce motoryzacji","publisher":{"@id":"https:\/\/motogratka.pl\/blog\/#organization"},"potentialAction":[{"@type":"SearchAction","target":{"@type":"EntryPoint","urlTemplate":"https:\/\/motogratka.pl\/blog\/?s={search_term_string}"},"query-input":{"@type":"PropertyValueSpecification","valueRequired":true,"valueName":"search_term_string"}}],"inLanguage":"pl-PL"},{"@type":"Organization","@id":"https:\/\/motogratka.pl\/blog\/#organization","name":"motogratka","url":"https:\/\/motogratka.pl\/blog\/","logo":{"@type":"ImageObject","inLanguage":"pl-PL","@id":"https:\/\/motogratka.pl\/blog\/#\/schema\/logo\/image\/","url":"https:\/\/motogratka.pl\/blog\/wp-content\/uploads\/2024\/09\/gratka-logo.svg","contentUrl":"https:\/\/motogratka.pl\/blog\/wp-content\/uploads\/2024\/09\/gratka-logo.svg","width":147,"height":40,"caption":"motogratka"},"image":{"@id":"https:\/\/motogratka.pl\/blog\/#\/schema\/logo\/image\/"}},{"@type":"Person","@id":"https:\/\/motogratka.pl\/blog\/#\/schema\/person\/8dac6fb5bd69a256358bcaad25563988","name":"Anna Walczak","image":{"@type":"ImageObject","inLanguage":"pl-PL","@id":"https:\/\/motogratka.pl\/blog\/#\/schema\/person\/image\/","url":"https:\/\/secure.gravatar.com\/avatar\/e6e54cc6d4aa52b1d85e515078db9627d3d0f4f12c255618755494e0ea4c5afc?s=96&d=retro&r=g","contentUrl":"https:\/\/secure.gravatar.com\/avatar\/e6e54cc6d4aa52b1d85e515078db9627d3d0f4f12c255618755494e0ea4c5afc?s=96&d=retro&r=g","caption":"Anna Walczak"},"description":"Do\u015bwiadczona dziennikarka specjalizuj\u0105ca si\u0119 w analizie rynku nieruchomo\u015bci w Polsce. Od 2012 roku dostarcza czytelnikom teksty bran\u017cowe, kt\u00f3re s\u0105 cenione za rzetelno\u015b\u0107, precyzj\u0119 i klarowno\u015b\u0107. Jest nie tylko ekspertem w dziedzinie rynku nieruchomo\u015bci, ale r\u00f3wnie\u017c pasjonuje si\u0119 wystrojem i aran\u017cacj\u0105 wn\u0119trz. Jej zami\u0142owanie do estetyki przejawia si\u0119 w ka\u017cdym artykule, gdzie \u0142\u0105czy wiedz\u0119 bran\u017cow\u0105 z wyczuciem stylu. Uwielbia eksplorowa\u0107 najnowsze trendy wn\u0119trzarskie i regularnie odwiedza targi bran\u017cowe, aby by\u0107 na bie\u017c\u0105co z innowacjami w dziedzinie projektowania. Znana ze swojego zaanga\u017cowania i profesjonalizmu, zdoby\u0142a uznanie w bran\u017cy dziennikarskiej za swoj\u0105 umiej\u0119tno\u015b\u0107 wy\u0142apywania istotnych detali. Jej teksty dostarczaj\u0105 czytelnikom rzetelnej informacji i praktycznych porad, pomagaj\u0105c im podejmowa\u0107 \u015bwiadome decyzje inwestycyjne. W swoich artyku\u0142ach cz\u0119sto eksploruje wp\u0142yw rynku nieruchomo\u015bci na kszta\u0142towanie si\u0119 spo\u0142ecze\u0144stwa, ekonomii oraz kultury. Przez lata do\u015bwiadcze\u0144 z zakresu nieruchomo\u015bci, zdoby\u0142a unikaln\u0105 perspektyw\u0119 i g\u0142\u0119bokie zrozumienie dynamiki rynku, co pozwala jej przedstawia\u0107 kompleksowe analizy. Poza profesjonalnymi osi\u0105gni\u0119ciami, jest tak\u017ce osob\u0105 pe\u0142n\u0105 pasji i entuzjazmu. Jej zainteresowania si\u0119gaj\u0105 daleko poza \u015bwiat nieruchomo\u015bci i designu; jest tak\u017ce zapalon\u0105 mi\u0142o\u015bniczk\u0105 kawy, podr\u00f3\u017cniczk\u0105 i amatork\u0105 fotografii. W wolnych chwilach zwiedza nieznane zak\u0105tki \u015bwiata, z aparatem w d\u0142oni i kubkiem aromatycznej kawy, dokumentuj\u0105c swoje przygody i odkrycia.","url":"https:\/\/motogratka.pl\/blog\/author\/anna-walczak\/"}]}},"_links":{"self":[{"href":"https:\/\/motogratka.pl\/blog\/wp-json\/wp\/v2\/posts\/88035","targetHints":{"allow":["GET"]}}],"collection":[{"href":"https:\/\/motogratka.pl\/blog\/wp-json\/wp\/v2\/posts"}],"about":[{"href":"https:\/\/motogratka.pl\/blog\/wp-json\/wp\/v2\/types\/post"}],"author":[{"embeddable":true,"href":"https:\/\/motogratka.pl\/blog\/wp-json\/wp\/v2\/users\/45"}],"replies":[{"embeddable":true,"href":"https:\/\/motogratka.pl\/blog\/wp-json\/wp\/v2\/comments?post=88035"}],"version-history":[{"count":0,"href":"https:\/\/motogratka.pl\/blog\/wp-json\/wp\/v2\/posts\/88035\/revisions"}],"wp:featuredmedia":[{"embeddable":true,"href":"https:\/\/motogratka.pl\/blog\/wp-json\/wp\/v2\/media\/88039"}],"wp:attachment":[{"href":"https:\/\/motogratka.pl\/blog\/wp-json\/wp\/v2\/media?parent=88035"}],"wp:term":[{"taxonomy":"category","embeddable":true,"href":"https:\/\/motogratka.pl\/blog\/wp-json\/wp\/v2\/categories?post=88035"},{"taxonomy":"post_tag","embeddable":true,"href":"https:\/\/motogratka.pl\/blog\/wp-json\/wp\/v2\/tags?post=88035"}],"curies":[{"name":"wp","href":"https:\/\/api.w.org\/{rel}","templated":true}]}}